{"id":1167,"date":"2025-11-30T19:48:47","date_gmt":"2025-12-01T01:48:47","guid":{"rendered":"https:\/\/profesionalizacionstem.com\/?p=1167"},"modified":"2025-11-30T19:48:47","modified_gmt":"2025-12-01T01:48:47","slug":"medalla-al-merito-educativo-2025-otorgada-a-pilar-suarez-en-la-xviii-reunion-de-la-aapt-mx","status":"publish","type":"post","link":"https:\/\/profesionalizacionstem.com\/index.php\/2025\/11\/30\/medalla-al-merito-educativo-2025-otorgada-a-pilar-suarez-en-la-xviii-reunion-de-la-aapt-mx\/","title":{"rendered":"Medalla al M\u00e9rito Educativo 2025 otorgada a Pilar Suarez en la XVIII Reuni\u00f3n de la AAPT-Mx."},"content":{"rendered":"\n<p>Por haber obtenido la Medalla al M\u00e9rito Educativo 2025 que otorga la AAPT-Mx, como reconocimiento a su trayectoria y legado cient\u00edfico sobresaliente, contribuyendo con su talento al desarrollo de nuestra \u00e1rea cient\u00edfica en Am\u00e9rica, consider\u00e1ndola un referente para la investigaci\u00f3n educativa y generaciones venideras.<\/p>\n\n\n\n<p>#aaptmx#ense\u00f1anzafisica<a href=\"https:\/\/www.facebook.com\/photo\/?fbid=1572123837720845&amp;set=a.596084845324754&amp;__cft__[0]=AZWgcnKf31tiWEP3gX601Yrgs2E3yH54VdiD-yNm4MSy2euEi94FXUek4XH2ZGRoTcsORrcbBB9hBTmMb20S1PRFSeA2qzbWpDLo3C2pa1su9qFHYCUeJ4lc_EZX4htC5bc29lWlppkjWd2DfhWskk32gspvmDFFqDt2aUVGrDQ-ww&amp;__tn__=EH-R\"><\/a><\/p>\n\n\n\n<figure class=\"wp-block-image\"><a href=\"https:\/\/www.facebook.com\/photo\/?fbid=1572123837720845&amp;set=a.596084845324754&amp;__cft__[0]=AZWgcnKf31tiWEP3gX601Yrgs2E3yH54VdiD-yNm4MSy2euEi94FXUek4XH2ZGRoTcsORrcbBB9hBTmMb20S1PRFSeA2qzbWpDLo3C2pa1su9qFHYCUeJ4lc_EZX4htC5bc29lWlppkjWd2DfhWskk32gspvmDFFqDt2aUVGrDQ-ww&amp;__tn__=EH-R\"><img decoding=\"async\" src=\"https:\/\/scontent.ftsl1-1.fna.fbcdn.net\/v\/t39.30808-6\/588615627_1572123841054178_5812666029688437518_n.jpg?stp=dst-jpg_s600x600_tt6&amp;_nc_cat=109&amp;ccb=1-7&amp;_nc_sid=127cfc&amp;_nc_ohc=-XhIwtIjYY4Q7kNvwGWInsr&amp;_nc_oc=Adn0LqhhHzjHi8Gv8H3xt9oJs6YfiotRi9ndzlOwjXQjy5ofetl9oz9MzFE0p4NBSbQ&amp;_nc_zt=23&amp;_nc_ht=scontent.ftsl1-1.fna&amp;_nc_gid=UwkvMK6a06sbvz4SzkZeHg&amp;oh=00_AfhSR-x6gQvSfyjt39I2pN8QuwGhste_6mMhyTYy7BEV5A&amp;oe=6932BF87\" alt=\"Puede ser una imagen de texto que dice &quot;AAPT-Mx American Association of Physics Teachers M\u00e9xico section FELICITA A: Medalbersricc AAPT-Mx \u0e23\u0e23\u0e40 Dra. Carmen del Pilar Su\u00e1rez Rodr\u00edguez Coordinaci\u00f3n Acad\u00e9mica Regi\u00f3n Huasteca Sur de la JASLP Americana Profesores \u1796\u17d2.\u1785\u1798\u1798\u1798\u17b6 AAPT-Mx Mx Por haber obtenido la Medalla al M\u00e9rito Educativo 2025 que otorga la AAPT-Mx, como reconocimiento a su trayectoria y legado cient\u00edfico sobresaliente, contribuyendo con su talento al desarrollo de nuestra \u00e1rea cient\u00edfica en Am\u00e9rica, consider\u00e1ndola un referente para la investigaci\u00f3n educativa y generaciones venideras. AAPT-M Mx 22 de noviembre de 2025&quot;\"\/><\/a><\/figure>\n\n\n\n<p><\/p>\n","protected":false},"excerpt":{"rendered":"<p>Por haber obtenido la Medalla al M\u00e9rito Educativo 2025 que otorga la AAPT-Mx, como reconocimiento a su trayectoria y legado cient\u00edfico sobresaliente, contribuyendo con su talento al desarrollo de nuestra \u00e1rea cient\u00edfica en Am\u00e9rica, consider\u00e1ndola un referente para la investigaci\u00f3n educativa y generaciones venideras. #aaptmx#ense\u00f1anzafisica<\/p>\n","protected":false},"author":1,"featured_media":1168,"comment_status":"open","ping_status":"open","sticky":false,"template":"","format":"standard","meta":{"footnotes":""},"categories":[1],"tags":[],"class_list":["post-1167","post","type-post","status-publish","format-standard","has-post-thumbnail","hentry","category-sin-categoria"],"_links":{"self":[{"href":"https:\/\/profesionalizacionstem.com\/index.php\/wp-json\/wp\/v2\/posts\/1167"}],"collection":[{"href":"https:\/\/profesionalizacionstem.com\/index.php\/wp-json\/wp\/v2\/posts"}],"about":[{"href":"https:\/\/profesionalizacionstem.com\/index.php\/wp-json\/wp\/v2\/types\/post"}],"author":[{"embeddable":true,"href":"https:\/\/profesionalizacionstem.com\/index.php\/wp-json\/wp\/v2\/users\/1"}],"replies":[{"embeddable":true,"href":"https:\/\/profesionalizacionstem.com\/index.php\/wp-json\/wp\/v2\/comments?post=1167"}],"version-history":[{"count":1,"href":"https:\/\/profesionalizacionstem.com\/index.php\/wp-json\/wp\/v2\/posts\/1167\/revisions"}],"predecessor-version":[{"id":1169,"href":"https:\/\/profesionalizacionstem.com\/index.php\/wp-json\/wp\/v2\/posts\/1167\/revisions\/1169"}],"wp:featuredmedia":[{"embeddable":true,"href":"https:\/\/profesionalizacionstem.com\/index.php\/wp-json\/wp\/v2\/media\/1168"}],"wp:attachment":[{"href":"https:\/\/profesionalizacionstem.com\/index.php\/wp-json\/wp\/v2\/media?parent=1167"}],"wp:term":[{"taxonomy":"category","embeddable":true,"href":"https:\/\/profesionalizacionstem.com\/index.php\/wp-json\/wp\/v2\/categories?post=1167"},{"taxonomy":"post_tag","embeddable":true,"href":"https:\/\/profesionalizacionstem.com\/index.php\/wp-json\/wp\/v2\/tags?post=1167"}],"curies":[{"name":"wp","href":"https:\/\/api.w.org\/{rel}","templated":true}]}}