{"id":1190,"date":"2026-04-27T15:16:43","date_gmt":"2026-04-27T21:16:43","guid":{"rendered":"https:\/\/profesionalizacionstem.com\/?p=1190"},"modified":"2026-04-27T15:16:43","modified_gmt":"2026-04-27T21:16:43","slug":"saberes-del-cafe-y-futuro-del-territorio","status":"publish","type":"post","link":"https:\/\/profesionalizacionstem.com\/index.php\/2026\/04\/27\/saberes-del-cafe-y-futuro-del-territorio\/","title":{"rendered":"Saberes del Caf\u00e9 y Futuro del Territorio"},"content":{"rendered":"\n<p><strong>Curso-taller para el fortalecimiento productivo, organizativo y sostenible en la Huasteca Sur<\/strong><\/p>\n\n\n\n<p><strong>29 <\/strong>y<strong> 30 <\/strong>de <strong>abril<\/strong> de <strong>2026<\/strong><\/p>\n\n\n\n<p><strong>Sede<\/strong>:<\/p>\n\n\n\n<p><em>Unidad Acad\u00e9mica Multidisciplinaria Regi\u00f3n Huasteca Sur de la Universidad Aut\u00f3noma de San Luis Potos\u00ed, Tamazunchale, San Luis Potos\u00ed.<\/em><\/p>\n\n\n\n<p><strong>Informes<\/strong>:<\/p>\n\n\n\n<p>Dra. Carmen del Pilar Su\u00e1rez Rodr\u00edguez pilar.suarez@uaslp.mx<\/p>\n\n\n\n<p>Tol. 4444477948<\/p>\n\n\n\n<figure class=\"wp-block-gallery has-nested-images columns-default is-cropped wp-block-gallery-1 is-layout-flex wp-block-gallery-is-layout-flex\">\n<figure class=\"wp-block-image size-large\"><img fetchpriority=\"high\" decoding=\"async\" width=\"759\" height=\"983\" data-id=\"1191\" src=\"https:\/\/profesionalizacionstem.com\/wp-content\/uploads\/2026\/04\/WhatsApp-Image-2026-04-24-at-11.45.07-PM-1.jpeg\" alt=\"\" class=\"wp-image-1191\" srcset=\"https:\/\/profesionalizacionstem.com\/wp-content\/uploads\/2026\/04\/WhatsApp-Image-2026-04-24-at-11.45.07-PM-1.jpeg 759w, https:\/\/profesionalizacionstem.com\/wp-content\/uploads\/2026\/04\/WhatsApp-Image-2026-04-24-at-11.45.07-PM-1-232x300.jpeg 232w\" sizes=\"(max-width: 759px) 100vw, 759px\" \/><\/figure>\n\n\n\n<figure class=\"wp-block-image size-large\"><img decoding=\"async\" width=\"725\" height=\"1024\" data-id=\"1192\" src=\"https:\/\/profesionalizacionstem.com\/wp-content\/uploads\/2026\/04\/WhatsApp-Image-2026-04-24-at-11.45.07-PM-725x1024.jpeg\" alt=\"\" class=\"wp-image-1192\" srcset=\"https:\/\/profesionalizacionstem.com\/wp-content\/uploads\/2026\/04\/WhatsApp-Image-2026-04-24-at-11.45.07-PM-725x1024.jpeg 725w, https:\/\/profesionalizacionstem.com\/wp-content\/uploads\/2026\/04\/WhatsApp-Image-2026-04-24-at-11.45.07-PM-212x300.jpeg 212w, https:\/\/profesionalizacionstem.com\/wp-content\/uploads\/2026\/04\/WhatsApp-Image-2026-04-24-at-11.45.07-PM-768x1085.jpeg 768w, https:\/\/profesionalizacionstem.com\/wp-content\/uploads\/2026\/04\/WhatsApp-Image-2026-04-24-at-11.45.07-PM.jpeg 1055w\" sizes=\"(max-width: 725px) 100vw, 725px\" \/><\/figure>\n<\/figure>\n","protected":false},"excerpt":{"rendered":"<p>Curso-taller para el fortalecimiento productivo, organizativo y sostenible en la Huasteca Sur 29 y 30 de abril de 2026 Sede: Unidad Acad\u00e9mica Multidisciplinaria Regi\u00f3n Huasteca Sur de la Universidad Aut\u00f3noma de San Luis Potos\u00ed, Tamazunchale, San Luis Potos\u00ed. Informes: Dra. Carmen del Pilar Su\u00e1rez Rodr\u00edguez pilar.suarez@uaslp.mx Tol. 4444477948<\/p>\n","protected":false},"author":1,"featured_media":1193,"comment_status":"open","ping_status":"open","sticky":false,"template":"","format":"standard","meta":{"footnotes":""},"categories":[1],"tags":[],"class_list":["post-1190","post","type-post","status-publish","format-standard","has-post-thumbnail","hentry","category-sin-categoria"],"_links":{"self":[{"href":"https:\/\/profesionalizacionstem.com\/index.php\/wp-json\/wp\/v2\/posts\/1190"}],"collection":[{"href":"https:\/\/profesionalizacionstem.com\/index.php\/wp-json\/wp\/v2\/posts"}],"about":[{"href":"https:\/\/profesionalizacionstem.com\/index.php\/wp-json\/wp\/v2\/types\/post"}],"author":[{"embeddable":true,"href":"https:\/\/profesionalizacionstem.com\/index.php\/wp-json\/wp\/v2\/users\/1"}],"replies":[{"embeddable":true,"href":"https:\/\/profesionalizacionstem.com\/index.php\/wp-json\/wp\/v2\/comments?post=1190"}],"version-history":[{"count":1,"href":"https:\/\/profesionalizacionstem.com\/index.php\/wp-json\/wp\/v2\/posts\/1190\/revisions"}],"predecessor-version":[{"id":1194,"href":"https:\/\/profesionalizacionstem.com\/index.php\/wp-json\/wp\/v2\/posts\/1190\/revisions\/1194"}],"wp:featuredmedia":[{"embeddable":true,"href":"https:\/\/profesionalizacionstem.com\/index.php\/wp-json\/wp\/v2\/media\/1193"}],"wp:attachment":[{"href":"https:\/\/profesionalizacionstem.com\/index.php\/wp-json\/wp\/v2\/media?parent=1190"}],"wp:term":[{"taxonomy":"category","embeddable":true,"href":"https:\/\/profesionalizacionstem.com\/index.php\/wp-json\/wp\/v2\/categories?post=1190"},{"taxonomy":"post_tag","embeddable":true,"href":"https:\/\/profesionalizacionstem.com\/index.php\/wp-json\/wp\/v2\/tags?post=1190"}],"curies":[{"name":"wp","href":"https:\/\/api.w.org\/{rel}","templated":true}]}}