{"id":232,"date":"2022-07-15T11:11:23","date_gmt":"2022-07-15T17:11:23","guid":{"rendered":"https:\/\/profesionalizacionstem.com\/?p=232"},"modified":"2022-07-15T11:12:58","modified_gmt":"2022-07-15T17:12:58","slug":"taller-construccion-de-un-vehiculo-subacuatico-operado-remotamente-rov","status":"publish","type":"post","link":"https:\/\/profesionalizacionstem.com\/index.php\/2022\/07\/15\/taller-construccion-de-un-vehiculo-subacuatico-operado-remotamente-rov\/","title":{"rendered":"TALLER CONSTRUCCI\u00d3N DE UN VEH\u00cdCULO SUBACU\u00c1TICO OPERADO REMOTAMENTE ROV"},"content":{"rendered":"\n<p><strong>25 al 29 de julio de 2022, de 13:00 a 16:00 hrs. \u00a1Evento sin costo!<\/strong><\/p>\n\n\n\n<p><strong>Dirigido a: <\/strong>Ninas, ni\u00f1os y jovenes de 9 a 16 a\u00f1os<\/p>\n\n\n\n<p>Modalidad: Hibrida<\/p>\n\n\n\n<p>Presencial: Maxime 20 asistentes en Coordinaci\u00f3n Acad\u00e9mica Regi\u00f3n Huasteca Sur. Virtual: Maxime 95 asistentes mediante plataforma ZOOM.<\/p>\n\n\n\n<p>Se enviar\u00e1 previamente la lista de materiales.<\/p>\n\n\n\n<figure class=\"wp-block-image size-large\"><img fetchpriority=\"high\" decoding=\"async\" width=\"1024\" height=\"1024\" src=\"https:\/\/profesionalizacionstem.com\/wp-content\/uploads\/2022\/07\/WhatsApp-Image-2022-07-15-at-11.36.31-AM-1024x1024.jpeg\" alt=\"\" class=\"wp-image-233\" srcset=\"https:\/\/profesionalizacionstem.com\/wp-content\/uploads\/2022\/07\/WhatsApp-Image-2022-07-15-at-11.36.31-AM-1024x1024.jpeg 1024w, https:\/\/profesionalizacionstem.com\/wp-content\/uploads\/2022\/07\/WhatsApp-Image-2022-07-15-at-11.36.31-AM-300x300.jpeg 300w, https:\/\/profesionalizacionstem.com\/wp-content\/uploads\/2022\/07\/WhatsApp-Image-2022-07-15-at-11.36.31-AM-150x150.jpeg 150w, https:\/\/profesionalizacionstem.com\/wp-content\/uploads\/2022\/07\/WhatsApp-Image-2022-07-15-at-11.36.31-AM-768x768.jpeg 768w, https:\/\/profesionalizacionstem.com\/wp-content\/uploads\/2022\/07\/WhatsApp-Image-2022-07-15-at-11.36.31-AM-400x400.jpeg 400w, https:\/\/profesionalizacionstem.com\/wp-content\/uploads\/2022\/07\/WhatsApp-Image-2022-07-15-at-11.36.31-AM.jpeg 1280w\" sizes=\"(max-width: 1024px) 100vw, 1024px\" \/><\/figure>\n\n\n\n<p><strong>Registro:<\/strong><\/p>\n\n\n\n<p><a href=\"https:\/\/forms.gle\/J7Rukxo59U8UbiCu8\">https:\/\/forms.gle\/J7Rukxo59U8UbiCu8<\/a><\/p>\n","protected":false},"excerpt":{"rendered":"<p>25 al 29 de julio de 2022, de 13:00 a 16:00 hrs. \u00a1Evento sin costo! Dirigido a: Ninas, ni\u00f1os y jovenes de 9 a 16 a\u00f1os Modalidad: Hibrida Presencial: Maxime 20 asistentes en Coordinaci\u00f3n Acad\u00e9mica Regi\u00f3n Huasteca Sur. Virtual: Maxime 95 asistentes mediante plataforma ZOOM. Se enviar\u00e1 previamente la lista de materiales. Registro: https:\/\/forms.gle\/J7Rukxo59U8UbiCu8<\/p>\n","protected":false},"author":1,"featured_media":233,"comment_status":"open","ping_status":"open","sticky":false,"template":"","format":"standard","meta":{"footnotes":""},"categories":[4,10],"tags":[],"class_list":["post-232","post","type-post","status-publish","format-standard","has-post-thumbnail","hentry","category-avisos","category-convocatorias"],"_links":{"self":[{"href":"https:\/\/profesionalizacionstem.com\/index.php\/wp-json\/wp\/v2\/posts\/232"}],"collection":[{"href":"https:\/\/profesionalizacionstem.com\/index.php\/wp-json\/wp\/v2\/posts"}],"about":[{"href":"https:\/\/profesionalizacionstem.com\/index.php\/wp-json\/wp\/v2\/types\/post"}],"author":[{"embeddable":true,"href":"https:\/\/profesionalizacionstem.com\/index.php\/wp-json\/wp\/v2\/users\/1"}],"replies":[{"embeddable":true,"href":"https:\/\/profesionalizacionstem.com\/index.php\/wp-json\/wp\/v2\/comments?post=232"}],"version-history":[{"count":3,"href":"https:\/\/profesionalizacionstem.com\/index.php\/wp-json\/wp\/v2\/posts\/232\/revisions"}],"predecessor-version":[{"id":237,"href":"https:\/\/profesionalizacionstem.com\/index.php\/wp-json\/wp\/v2\/posts\/232\/revisions\/237"}],"wp:featuredmedia":[{"embeddable":true,"href":"https:\/\/profesionalizacionstem.com\/index.php\/wp-json\/wp\/v2\/media\/233"}],"wp:attachment":[{"href":"https:\/\/profesionalizacionstem.com\/index.php\/wp-json\/wp\/v2\/media?parent=232"}],"wp:term":[{"taxonomy":"category","embeddable":true,"href":"https:\/\/profesionalizacionstem.com\/index.php\/wp-json\/wp\/v2\/categories?post=232"},{"taxonomy":"post_tag","embeddable":true,"href":"https:\/\/profesionalizacionstem.com\/index.php\/wp-json\/wp\/v2\/tags?post=232"}],"curies":[{"name":"wp","href":"https:\/\/api.w.org\/{rel}","templated":true}]}}