{"id":267,"date":"2022-08-01T16:28:36","date_gmt":"2022-08-01T22:28:36","guid":{"rendered":"https:\/\/profesionalizacionstem.com\/?p=267"},"modified":"2022-08-01T16:33:46","modified_gmt":"2022-08-01T22:33:46","slug":"revisa-nuevas-perspectivas-numero-1-febrero-julio-2022","status":"publish","type":"post","link":"https:\/\/profesionalizacionstem.com\/index.php\/2022\/08\/01\/revisa-nuevas-perspectivas-numero-1-febrero-julio-2022\/","title":{"rendered":"Revisa: Nuevas Perspectivas. Numero 1 (Febrero-Julio 2022)"},"content":{"rendered":"\n<p>La revista se encuentra dirigida a investigadores\/as, gestores, especialistas, profesores y estudiantes interesados\/as en el campo de estudio de la educaci\u00f3n en ciencias naturales y tecnolog\u00eda de nivel superior (preuniversitario, universitario, formaci\u00f3n t\u00e9cnica y formaci\u00f3n superior no universitaria).\u00a0<\/p>\n\n\n\n<p>Nuevas Perspectivas entiende a la educaci\u00f3n en ciencias naturales y tecnolog\u00edas no solo como un aspecto central de la cultura y un componente cr\u00edtico de la formaci\u00f3n t\u00e9cnico profesional, sino tambi\u00e9n, como una oportunidad estrat\u00e9gica para construir un futuro posible dise\u00f1ado desde los tiempos de cambio y la realidad fluida de hoy.<\/p>\n\n\n\n<figure class=\"wp-block-image size-full\"><img fetchpriority=\"high\" decoding=\"async\" width=\"595\" height=\"842\" src=\"https:\/\/profesionalizacionstem.com\/wp-content\/uploads\/2022\/08\/cover_issue_1_es_ES.png\" alt=\"\" class=\"wp-image-268\" srcset=\"https:\/\/profesionalizacionstem.com\/wp-content\/uploads\/2022\/08\/cover_issue_1_es_ES.png 595w, https:\/\/profesionalizacionstem.com\/wp-content\/uploads\/2022\/08\/cover_issue_1_es_ES-212x300.png 212w\" sizes=\"(max-width: 595px) 100vw, 595px\" \/><\/figure>\n\n\n\n<p><a href=\"https:\/\/revistanuevasperspectivas.aduba.org.ar\/ojs\/index.php\/nuevasperspectivas\">https:\/\/revistanuevasperspectivas.aduba.org.ar\/ojs\/index.php\/nuevasperspectivas<\/a><\/p>\n","protected":false},"excerpt":{"rendered":"<p>La revista se encuentra dirigida a investigadores\/as, gestores, especialistas, profesores y estudiantes interesados\/as en el campo de estudio de la educaci\u00f3n en ciencias naturales y tecnolog\u00eda de nivel superior (preuniversitario, universitario, formaci\u00f3n t\u00e9cnica y formaci\u00f3n superior no universitaria).\u00a0 Nuevas Perspectivas entiende a la educaci\u00f3n en ciencias naturales y tecnolog\u00edas no solo como un aspecto central de la cultura y un componente cr\u00edtico de la formaci\u00f3n t\u00e9cnico profesional, sino tambi\u00e9n, como una oportunidad estrat\u00e9gica para construir un futuro posible dise\u00f1ado desde los tiempos de cambio y la realidad fluida de hoy. https:\/\/revistanuevasperspectivas.aduba.org.ar\/ojs\/index.php\/nuevasperspectivas<\/p>\n","protected":false},"author":1,"featured_media":268,"comment_status":"open","ping_status":"open","sticky":false,"template":"","format":"standard","meta":{"footnotes":""},"categories":[14],"tags":[],"class_list":["post-267","post","type-post","status-publish","format-standard","has-post-thumbnail","hentry","category-revistas"],"_links":{"self":[{"href":"https:\/\/profesionalizacionstem.com\/index.php\/wp-json\/wp\/v2\/posts\/267"}],"collection":[{"href":"https:\/\/profesionalizacionstem.com\/index.php\/wp-json\/wp\/v2\/posts"}],"about":[{"href":"https:\/\/profesionalizacionstem.com\/index.php\/wp-json\/wp\/v2\/types\/post"}],"author":[{"embeddable":true,"href":"https:\/\/profesionalizacionstem.com\/index.php\/wp-json\/wp\/v2\/users\/1"}],"replies":[{"embeddable":true,"href":"https:\/\/profesionalizacionstem.com\/index.php\/wp-json\/wp\/v2\/comments?post=267"}],"version-history":[{"count":3,"href":"https:\/\/profesionalizacionstem.com\/index.php\/wp-json\/wp\/v2\/posts\/267\/revisions"}],"predecessor-version":[{"id":272,"href":"https:\/\/profesionalizacionstem.com\/index.php\/wp-json\/wp\/v2\/posts\/267\/revisions\/272"}],"wp:featuredmedia":[{"embeddable":true,"href":"https:\/\/profesionalizacionstem.com\/index.php\/wp-json\/wp\/v2\/media\/268"}],"wp:attachment":[{"href":"https:\/\/profesionalizacionstem.com\/index.php\/wp-json\/wp\/v2\/media?parent=267"}],"wp:term":[{"taxonomy":"category","embeddable":true,"href":"https:\/\/profesionalizacionstem.com\/index.php\/wp-json\/wp\/v2\/categories?post=267"},{"taxonomy":"post_tag","embeddable":true,"href":"https:\/\/profesionalizacionstem.com\/index.php\/wp-json\/wp\/v2\/tags?post=267"}],"curies":[{"name":"wp","href":"https:\/\/api.w.org\/{rel}","templated":true}]}}