{"id":333,"date":"2023-04-13T13:10:44","date_gmt":"2023-04-13T19:10:44","guid":{"rendered":"https:\/\/profesionalizacionstem.com\/?p=333"},"modified":"2023-04-13T13:22:01","modified_gmt":"2023-04-13T19:22:01","slug":"convocatoria-primer-simposio-internacional-ciencia-tecnologia-ingenieria-arte-y-matematicas-en-la-educacion-media-superior","status":"publish","type":"post","link":"https:\/\/profesionalizacionstem.com\/index.php\/2023\/04\/13\/convocatoria-primer-simposio-internacional-ciencia-tecnologia-ingenieria-arte-y-matematicas-en-la-educacion-media-superior\/","title":{"rendered":"Primer Simposio Internacional STEAM"},"content":{"rendered":"\n<p><strong>19, 20 y 21 de abril19, 20 y 21 de abril <\/strong><\/p>\n\n\n\n<p>La Direcci\u00f3n General de Educaci\u00f3n Tecnol\u00f3gica Industrial y de Servicios, a trav\u00e9s de su Centro Nacional de Actualizaci\u00f3n Docente, te invitan a ingresar a la siguiente ficha de inscripci\u00f3n.<\/p>\n\n\n\n<p><strong>CONVOCAN<\/strong><\/p>\n\n\n\n<p>a Directores, Subdirectores Acad\u00e9micos y a toda la comunidad docente de los CETIS, CBTIS y CECyTEs a participar en el Primer Simposio internacional STEAM, el cual se realizar\u00e1 en modalidad virtual los d\u00edas 19, 20 y 21 de abril de 2023.<\/p>\n\n\n\n<p><strong>OBJETIVO<\/strong><\/p>\n\n\n\n<p>Generar un espacio para el intercambio de pr\u00e1cticas innovadoras de aprendizaje con enfoque STEAM, que permita fortalecer las habilidades docentes para adaptarse a los nuevos retos de la educaci\u00f3n media superior<\/p>\n\n\n\n<p><strong>Enlace de inscripci\u00f3n<\/strong> <\/p>\n\n\n\n<p><a href=\"https:\/\/forms.office.com\/r\/gqGjPFaB3Y\">https:\/\/forms.office.com\/r\/gqGjPFaB3Y<\/a><\/p>\n\n\n\n<figure class=\"wp-block-image size-large\"><img decoding=\"async\" src=\"https:\/\/aaptmx.com\/wp-content\/uploads\/2023\/04\/Imagen-de-WhatsApp-2023-04-13-a-las-12.46.06.jpg\" alt=\"\" class=\"wp-image-649\"\/><\/figure>\n\n\n\n<figure class=\"wp-block-image size-large\"><img fetchpriority=\"high\" decoding=\"async\" width=\"1024\" height=\"575\" src=\"https:\/\/profesionalizacionstem.com\/wp-content\/uploads\/2023\/04\/1.jpg\" alt=\"\" class=\"wp-image-334\" srcset=\"https:\/\/profesionalizacionstem.com\/wp-content\/uploads\/2023\/04\/1.jpg 1024w, https:\/\/profesionalizacionstem.com\/wp-content\/uploads\/2023\/04\/1-300x168.jpg 300w, https:\/\/profesionalizacionstem.com\/wp-content\/uploads\/2023\/04\/1-768x431.jpg 768w\" sizes=\"(max-width: 1024px) 100vw, 1024px\" \/><\/figure>\n\n\n\n<figure class=\"wp-block-image size-large\"><img decoding=\"async\" width=\"1024\" height=\"578\" src=\"https:\/\/profesionalizacionstem.com\/wp-content\/uploads\/2023\/04\/2.jpg\" alt=\"\" class=\"wp-image-335\" srcset=\"https:\/\/profesionalizacionstem.com\/wp-content\/uploads\/2023\/04\/2.jpg 1024w, https:\/\/profesionalizacionstem.com\/wp-content\/uploads\/2023\/04\/2-300x169.jpg 300w, https:\/\/profesionalizacionstem.com\/wp-content\/uploads\/2023\/04\/2-768x434.jpg 768w\" sizes=\"(max-width: 1024px) 100vw, 1024px\" \/><\/figure>\n\n\n\n<figure class=\"wp-block-image size-large\"><img decoding=\"async\" width=\"1024\" height=\"572\" src=\"https:\/\/profesionalizacionstem.com\/wp-content\/uploads\/2023\/04\/3.jpg\" alt=\"\" class=\"wp-image-336\" srcset=\"https:\/\/profesionalizacionstem.com\/wp-content\/uploads\/2023\/04\/3.jpg 1024w, https:\/\/profesionalizacionstem.com\/wp-content\/uploads\/2023\/04\/3-300x168.jpg 300w, https:\/\/profesionalizacionstem.com\/wp-content\/uploads\/2023\/04\/3-768x429.jpg 768w\" sizes=\"(max-width: 1024px) 100vw, 1024px\" \/><\/figure>\n","protected":false},"excerpt":{"rendered":"<p>19, 20 y 21 de abril19, 20 y 21 de abril La Direcci\u00f3n General de Educaci\u00f3n Tecnol\u00f3gica Industrial y de Servicios, a trav\u00e9s de su Centro Nacional de Actualizaci\u00f3n Docente, te invitan a ingresar a la siguiente ficha de inscripci\u00f3n. CONVOCAN a Directores, Subdirectores Acad\u00e9micos y a toda la comunidad docente de los CETIS, CBTIS y CECyTEs a participar en el Primer Simposio internacional STEAM, el cual se realizar\u00e1 en modalidad virtual los d\u00edas 19, 20 y 21 de abril de 2023. OBJETIVO Generar un espacio para el intercambio de pr\u00e1cticas innovadoras de aprendizaje con enfoque STEAM, que permita fortalecer las habilidades docentes para adaptarse a los nuevos retos de la educaci\u00f3n media superior Enlace de inscripci\u00f3n https:\/\/forms.office.com\/r\/gqGjPFaB3Y<\/p>\n","protected":false},"author":1,"featured_media":341,"comment_status":"open","ping_status":"open","sticky":false,"template":"","format":"standard","meta":{"footnotes":""},"categories":[4,10,9],"tags":[],"class_list":["post-333","post","type-post","status-publish","format-standard","has-post-thumbnail","hentry","category-avisos","category-convocatorias","category-eventos"],"_links":{"self":[{"href":"https:\/\/profesionalizacionstem.com\/index.php\/wp-json\/wp\/v2\/posts\/333"}],"collection":[{"href":"https:\/\/profesionalizacionstem.com\/index.php\/wp-json\/wp\/v2\/posts"}],"about":[{"href":"https:\/\/profesionalizacionstem.com\/index.php\/wp-json\/wp\/v2\/types\/post"}],"author":[{"embeddable":true,"href":"https:\/\/profesionalizacionstem.com\/index.php\/wp-json\/wp\/v2\/users\/1"}],"replies":[{"embeddable":true,"href":"https:\/\/profesionalizacionstem.com\/index.php\/wp-json\/wp\/v2\/comments?post=333"}],"version-history":[{"count":7,"href":"https:\/\/profesionalizacionstem.com\/index.php\/wp-json\/wp\/v2\/posts\/333\/revisions"}],"predecessor-version":[{"id":349,"href":"https:\/\/profesionalizacionstem.com\/index.php\/wp-json\/wp\/v2\/posts\/333\/revisions\/349"}],"wp:featuredmedia":[{"embeddable":true,"href":"https:\/\/profesionalizacionstem.com\/index.php\/wp-json\/wp\/v2\/media\/341"}],"wp:attachment":[{"href":"https:\/\/profesionalizacionstem.com\/index.php\/wp-json\/wp\/v2\/media?parent=333"}],"wp:term":[{"taxonomy":"category","embeddable":true,"href":"https:\/\/profesionalizacionstem.com\/index.php\/wp-json\/wp\/v2\/categories?post=333"},{"taxonomy":"post_tag","embeddable":true,"href":"https:\/\/profesionalizacionstem.com\/index.php\/wp-json\/wp\/v2\/tags?post=333"}],"curies":[{"name":"wp","href":"https:\/\/api.w.org\/{rel}","templated":true}]}}