{"id":390,"date":"2023-06-21T14:23:06","date_gmt":"2023-06-21T20:23:06","guid":{"rendered":"https:\/\/profesionalizacionstem.com\/?p=390"},"modified":"2023-06-21T14:23:07","modified_gmt":"2023-06-21T20:23:07","slug":"visita-de-la-dra-santa-tejeda-presidenta-de-la-aapt-mx-a-la-facultad-de-ciencias-de-la-uabc-sede-de-la-xvi-reunion-anual","status":"publish","type":"post","link":"https:\/\/profesionalizacionstem.com\/index.php\/2023\/06\/21\/visita-de-la-dra-santa-tejeda-presidenta-de-la-aapt-mx-a-la-facultad-de-ciencias-de-la-uabc-sede-de-la-xvi-reunion-anual\/","title":{"rendered":"Visita de la Dra. Santa Tejeda, presidenta de la AAPT-Mx a la Facultad de Ciencias, de la UABC Sede de la XVI\u00a0REunion\u00a0Anual"},"content":{"rendered":"\n<p>La Vicerrectora del Campus Ensenada, Dra. Lus Mercedes L\u00f3pez Acu\u00f1a, acompa\u00f1ada del director y docentes de la Facultad de Ciencias, sostuvieron un encuentro con la Dra. Santa Esmeralda Tejeda Torres, presidenta de la Asociaci\u00f3n Americana de Profesores de F\u00edsica, cap\u00edtulo M\u00e9xico (AAPT-MX).<\/p>\n\n\n\n<p>La intenci\u00f3n de la visita, adem\u00e1s de fortalecer los lazos con pares acad\u00e9micos del \u00e1rea de F\u00edsica, es colaborar en la realizaci\u00f3n de un congreso.<\/p>\n\n\n\n<figure class=\"wp-block-image size-full\"><img fetchpriority=\"high\" decoding=\"async\" width=\"940\" height=\"788\" src=\"https:\/\/profesionalizacionstem.com\/wp-content\/uploads\/2023\/06\/Imagen-de-WhatsApp-2023-06-21-a-las-14.05.41.jpg\" alt=\"\" class=\"wp-image-391\" srcset=\"https:\/\/profesionalizacionstem.com\/wp-content\/uploads\/2023\/06\/Imagen-de-WhatsApp-2023-06-21-a-las-14.05.41.jpg 940w, https:\/\/profesionalizacionstem.com\/wp-content\/uploads\/2023\/06\/Imagen-de-WhatsApp-2023-06-21-a-las-14.05.41-300x251.jpg 300w, https:\/\/profesionalizacionstem.com\/wp-content\/uploads\/2023\/06\/Imagen-de-WhatsApp-2023-06-21-a-las-14.05.41-768x644.jpg 768w\" sizes=\"(max-width: 940px) 100vw, 940px\" \/><\/figure>\n","protected":false},"excerpt":{"rendered":"<p>La Vicerrectora del Campus Ensenada, Dra. Lus Mercedes L\u00f3pez Acu\u00f1a, acompa\u00f1ada del director y docentes de la Facultad de Ciencias, sostuvieron un encuentro con la Dra. Santa Esmeralda Tejeda Torres, presidenta de la Asociaci\u00f3n Americana de Profesores de F\u00edsica, cap\u00edtulo M\u00e9xico (AAPT-MX). La intenci\u00f3n de la visita, adem\u00e1s de fortalecer los lazos con pares acad\u00e9micos del \u00e1rea de F\u00edsica, es colaborar en la realizaci\u00f3n de un congreso.<\/p>\n","protected":false},"author":1,"featured_media":391,"comment_status":"open","ping_status":"open","sticky":false,"template":"","format":"standard","meta":{"footnotes":""},"categories":[5],"tags":[],"class_list":["post-390","post","type-post","status-publish","format-standard","has-post-thumbnail","hentry","category-noticias"],"_links":{"self":[{"href":"https:\/\/profesionalizacionstem.com\/index.php\/wp-json\/wp\/v2\/posts\/390"}],"collection":[{"href":"https:\/\/profesionalizacionstem.com\/index.php\/wp-json\/wp\/v2\/posts"}],"about":[{"href":"https:\/\/profesionalizacionstem.com\/index.php\/wp-json\/wp\/v2\/types\/post"}],"author":[{"embeddable":true,"href":"https:\/\/profesionalizacionstem.com\/index.php\/wp-json\/wp\/v2\/users\/1"}],"replies":[{"embeddable":true,"href":"https:\/\/profesionalizacionstem.com\/index.php\/wp-json\/wp\/v2\/comments?post=390"}],"version-history":[{"count":1,"href":"https:\/\/profesionalizacionstem.com\/index.php\/wp-json\/wp\/v2\/posts\/390\/revisions"}],"predecessor-version":[{"id":392,"href":"https:\/\/profesionalizacionstem.com\/index.php\/wp-json\/wp\/v2\/posts\/390\/revisions\/392"}],"wp:featuredmedia":[{"embeddable":true,"href":"https:\/\/profesionalizacionstem.com\/index.php\/wp-json\/wp\/v2\/media\/391"}],"wp:attachment":[{"href":"https:\/\/profesionalizacionstem.com\/index.php\/wp-json\/wp\/v2\/media?parent=390"}],"wp:term":[{"taxonomy":"category","embeddable":true,"href":"https:\/\/profesionalizacionstem.com\/index.php\/wp-json\/wp\/v2\/categories?post=390"},{"taxonomy":"post_tag","embeddable":true,"href":"https:\/\/profesionalizacionstem.com\/index.php\/wp-json\/wp\/v2\/tags?post=390"}],"curies":[{"name":"wp","href":"https:\/\/api.w.org\/{rel}","templated":true}]}}