{"id":520,"date":"2023-11-10T20:43:45","date_gmt":"2023-11-11T02:43:45","guid":{"rendered":"https:\/\/profesionalizacionstem.com\/?p=520"},"modified":"2023-11-10T20:43:45","modified_gmt":"2023-11-11T02:43:45","slug":"tallergestion-empresarial-y-el-trabajo-en-redes-internacionales","status":"publish","type":"post","link":"https:\/\/profesionalizacionstem.com\/index.php\/2023\/11\/10\/tallergestion-empresarial-y-el-trabajo-en-redes-internacionales\/","title":{"rendered":"TALLER:GESTI\u00d3N EMPRESARIAL Y EL TRABAJO EN REDES INTERNACIONALES"},"content":{"rendered":"\n<figure class=\"wp-block-image size-large\"><img fetchpriority=\"high\" decoding=\"async\" width=\"576\" height=\"1024\" src=\"https:\/\/profesionalizacionstem.com\/wp-content\/uploads\/2023\/11\/Imagen-de-WhatsApp-2023-11-10-a-las-14.26.06_74fe3982-576x1024.jpg\" alt=\"\" class=\"wp-image-521\" srcset=\"https:\/\/profesionalizacionstem.com\/wp-content\/uploads\/2023\/11\/Imagen-de-WhatsApp-2023-11-10-a-las-14.26.06_74fe3982-576x1024.jpg 576w, https:\/\/profesionalizacionstem.com\/wp-content\/uploads\/2023\/11\/Imagen-de-WhatsApp-2023-11-10-a-las-14.26.06_74fe3982-169x300.jpg 169w, https:\/\/profesionalizacionstem.com\/wp-content\/uploads\/2023\/11\/Imagen-de-WhatsApp-2023-11-10-a-las-14.26.06_74fe3982.jpg 720w\" sizes=\"(max-width: 576px) 100vw, 576px\" \/><\/figure>\n\n\n\n<p><strong>SEMANA DE ANIVERSARIO<\/strong><\/p>\n\n\n\n<p><em>CONADI 2023<\/em><\/p>\n\n\n\n<p>22 Y 23 de noviembre<\/p>\n\n\n\n<p><strong>PARTICIPACI\u00d3N ESPECIAL<\/strong><\/p>\n\n\n\n<p>Dra. Carmen del Pilar Su\u00e1rez Rodr\u00edguez<\/p>\n\n\n\n<p>Ing. Usiel Hiram Amaya Rodr\u00edguez<\/p>\n","protected":false},"excerpt":{"rendered":"<p>SEMANA DE ANIVERSARIO CONADI 2023 22 Y 23 de noviembre PARTICIPACI\u00d3N ESPECIAL Dra. Carmen del Pilar Su\u00e1rez Rodr\u00edguez Ing. Usiel Hiram Amaya Rodr\u00edguez<\/p>\n","protected":false},"author":1,"featured_media":521,"comment_status":"open","ping_status":"open","sticky":false,"template":"","format":"standard","meta":{"footnotes":""},"categories":[9,5],"tags":[],"class_list":["post-520","post","type-post","status-publish","format-standard","has-post-thumbnail","hentry","category-eventos","category-noticias"],"_links":{"self":[{"href":"https:\/\/profesionalizacionstem.com\/index.php\/wp-json\/wp\/v2\/posts\/520"}],"collection":[{"href":"https:\/\/profesionalizacionstem.com\/index.php\/wp-json\/wp\/v2\/posts"}],"about":[{"href":"https:\/\/profesionalizacionstem.com\/index.php\/wp-json\/wp\/v2\/types\/post"}],"author":[{"embeddable":true,"href":"https:\/\/profesionalizacionstem.com\/index.php\/wp-json\/wp\/v2\/users\/1"}],"replies":[{"embeddable":true,"href":"https:\/\/profesionalizacionstem.com\/index.php\/wp-json\/wp\/v2\/comments?post=520"}],"version-history":[{"count":1,"href":"https:\/\/profesionalizacionstem.com\/index.php\/wp-json\/wp\/v2\/posts\/520\/revisions"}],"predecessor-version":[{"id":522,"href":"https:\/\/profesionalizacionstem.com\/index.php\/wp-json\/wp\/v2\/posts\/520\/revisions\/522"}],"wp:featuredmedia":[{"embeddable":true,"href":"https:\/\/profesionalizacionstem.com\/index.php\/wp-json\/wp\/v2\/media\/521"}],"wp:attachment":[{"href":"https:\/\/profesionalizacionstem.com\/index.php\/wp-json\/wp\/v2\/media?parent=520"}],"wp:term":[{"taxonomy":"category","embeddable":true,"href":"https:\/\/profesionalizacionstem.com\/index.php\/wp-json\/wp\/v2\/categories?post=520"},{"taxonomy":"post_tag","embeddable":true,"href":"https:\/\/profesionalizacionstem.com\/index.php\/wp-json\/wp\/v2\/tags?post=520"}],"curies":[{"name":"wp","href":"https:\/\/api.w.org\/{rel}","templated":true}]}}