{"id":527,"date":"2023-11-18T21:09:14","date_gmt":"2023-11-19T03:09:14","guid":{"rendered":"https:\/\/profesionalizacionstem.com\/?p=527"},"modified":"2023-11-18T21:09:14","modified_gmt":"2023-11-19T03:09:14","slug":"segunda-jornada-de-laboratorio-extendido","status":"publish","type":"post","link":"https:\/\/profesionalizacionstem.com\/index.php\/2023\/11\/18\/segunda-jornada-de-laboratorio-extendido\/","title":{"rendered":"SEGUNDA JORNADA DE LABORATORIO EXTENDIDO"},"content":{"rendered":"\n<p><strong>Innovaciones para la ense\u00f1anza y el aprendizaje de las ciencias naturales mediados por tecnolog\u00edas digitales<\/strong><\/p>\n\n\n\n<p>JUEVES | 23 NOVIEMBRE 10:30 a 14:00 (GMT -3)<\/p>\n\n\n\n<p><strong>Mg. Gabriela Varela Belloso<\/strong><\/p>\n\n\n\n<p><em>Consejo de Formaci\u00f3n en Educaci\u00f3n, Uruguay<\/em><\/p>\n\n\n\n<p><strong>Dr. Unai Hern\u00e1ndez Jayo<\/strong><\/p>\n\n\n\n<p><em>Universidad de Deusto, Espa\u00f1a<\/em><\/p>\n\n\n\n<p><strong>Dr. Carlos Arguedas-Matarrita<\/strong><\/p>\n\n\n\n<p><em> Universidad Estatal a Distancia, Costa Rica<\/em><\/p>\n\n\n\n<p><strong>Dr. Javier Garc\u00eda Zubia<\/strong><\/p>\n\n\n\n<p><em>Universidad de Deusto, Espa\u00f1\u0430<\/em><\/p>\n\n\n\n<p><strong>Dr. Ignacio J. Idoyaga<\/strong><\/p>\n\n\n\n<p><em>Universidad de Buenos Aires,\u00a0Argentina<\/em><\/p>\n\n\n\n<figure class=\"wp-block-image size-large\"><img fetchpriority=\"high\" decoding=\"async\" width=\"1024\" height=\"1024\" src=\"https:\/\/profesionalizacionstem.com\/wp-content\/uploads\/2023\/11\/Imagen-de-WhatsApp-2023-11-18-a-las-05.56.44_1e7dd036-1024x1024.jpg\" alt=\"\" class=\"wp-image-528\" srcset=\"https:\/\/profesionalizacionstem.com\/wp-content\/uploads\/2023\/11\/Imagen-de-WhatsApp-2023-11-18-a-las-05.56.44_1e7dd036-1024x1024.jpg 1024w, https:\/\/profesionalizacionstem.com\/wp-content\/uploads\/2023\/11\/Imagen-de-WhatsApp-2023-11-18-a-las-05.56.44_1e7dd036-300x300.jpg 300w, https:\/\/profesionalizacionstem.com\/wp-content\/uploads\/2023\/11\/Imagen-de-WhatsApp-2023-11-18-a-las-05.56.44_1e7dd036-150x150.jpg 150w, https:\/\/profesionalizacionstem.com\/wp-content\/uploads\/2023\/11\/Imagen-de-WhatsApp-2023-11-18-a-las-05.56.44_1e7dd036-768x768.jpg 768w, https:\/\/profesionalizacionstem.com\/wp-content\/uploads\/2023\/11\/Imagen-de-WhatsApp-2023-11-18-a-las-05.56.44_1e7dd036-400x400.jpg 400w, https:\/\/profesionalizacionstem.com\/wp-content\/uploads\/2023\/11\/Imagen-de-WhatsApp-2023-11-18-a-las-05.56.44_1e7dd036.jpg 1080w\" sizes=\"(max-width: 1024px) 100vw, 1024px\" \/><\/figure>\n","protected":false},"excerpt":{"rendered":"<p>Innovaciones para la ense\u00f1anza y el aprendizaje de las ciencias naturales mediados por tecnolog\u00edas digitales JUEVES | 23 NOVIEMBRE 10:30 a 14:00 (GMT -3) Mg. Gabriela Varela Belloso Consejo de Formaci\u00f3n en Educaci\u00f3n, Uruguay Dr. Unai Hern\u00e1ndez Jayo Universidad de Deusto, Espa\u00f1a Dr. Carlos Arguedas-Matarrita Universidad Estatal a Distancia, Costa Rica Dr. Javier Garc\u00eda Zubia Universidad de Deusto, Espa\u00f1\u0430 Dr. Ignacio J. Idoyaga Universidad de Buenos Aires,\u00a0Argentina<\/p>\n","protected":false},"author":1,"featured_media":528,"comment_status":"open","ping_status":"open","sticky":false,"template":"","format":"standard","meta":{"footnotes":""},"categories":[4,9],"tags":[],"class_list":["post-527","post","type-post","status-publish","format-standard","has-post-thumbnail","hentry","category-avisos","category-eventos"],"_links":{"self":[{"href":"https:\/\/profesionalizacionstem.com\/index.php\/wp-json\/wp\/v2\/posts\/527"}],"collection":[{"href":"https:\/\/profesionalizacionstem.com\/index.php\/wp-json\/wp\/v2\/posts"}],"about":[{"href":"https:\/\/profesionalizacionstem.com\/index.php\/wp-json\/wp\/v2\/types\/post"}],"author":[{"embeddable":true,"href":"https:\/\/profesionalizacionstem.com\/index.php\/wp-json\/wp\/v2\/users\/1"}],"replies":[{"embeddable":true,"href":"https:\/\/profesionalizacionstem.com\/index.php\/wp-json\/wp\/v2\/comments?post=527"}],"version-history":[{"count":1,"href":"https:\/\/profesionalizacionstem.com\/index.php\/wp-json\/wp\/v2\/posts\/527\/revisions"}],"predecessor-version":[{"id":529,"href":"https:\/\/profesionalizacionstem.com\/index.php\/wp-json\/wp\/v2\/posts\/527\/revisions\/529"}],"wp:featuredmedia":[{"embeddable":true,"href":"https:\/\/profesionalizacionstem.com\/index.php\/wp-json\/wp\/v2\/media\/528"}],"wp:attachment":[{"href":"https:\/\/profesionalizacionstem.com\/index.php\/wp-json\/wp\/v2\/media?parent=527"}],"wp:term":[{"taxonomy":"category","embeddable":true,"href":"https:\/\/profesionalizacionstem.com\/index.php\/wp-json\/wp\/v2\/categories?post=527"},{"taxonomy":"post_tag","embeddable":true,"href":"https:\/\/profesionalizacionstem.com\/index.php\/wp-json\/wp\/v2\/tags?post=527"}],"curies":[{"name":"wp","href":"https:\/\/api.w.org\/{rel}","templated":true}]}}