{"id":567,"date":"2024-01-31T22:09:54","date_gmt":"2024-02-01T04:09:54","guid":{"rendered":"https:\/\/profesionalizacionstem.com\/?p=567"},"modified":"2024-01-31T22:09:55","modified_gmt":"2024-02-01T04:09:55","slug":"seminario-multidisciplinario-de-aplicaciones-en-ingenieria-3","status":"publish","type":"post","link":"https:\/\/profesionalizacionstem.com\/index.php\/2024\/01\/31\/seminario-multidisciplinario-de-aplicaciones-en-ingenieria-3\/","title":{"rendered":"SEMINARIO MULTIDISCIPLINARIO DE APLICACIONES EN INGENIER\u00cdA"},"content":{"rendered":"\n<p><strong>Prevenci\u00f3n de la Cibervictimizaci\u00f3n<\/strong><\/p>\n\n\n\n<p>Dr. Tom\u00e1s de Jes\u00fas Moreno ZamudioProfesor Investigador, Coordinador General del Campus JalpaUniversidad Aut\u00f3noma de Zacatecas<\/p>\n\n\n\n<p>Fecho:- 1 de febreroHora: 13:00 hrs (CDMX)<\/p>\n\n\n\n<p>Lugar: Auditorio de la CARHSy a trav\u00e9s de ZOOM<\/p>\n\n\n\n<p>ID de reuni\u00f3n: 883 2098 4374C\u00f3digo de&nbsp;acceso:&nbsp;7665511<\/p>\n\n\n\n<figure class=\"wp-block-image size-large\"><img fetchpriority=\"high\" decoding=\"async\" width=\"768\" height=\"1024\" src=\"https:\/\/profesionalizacionstem.com\/wp-content\/uploads\/2024\/01\/Imagen-de-WhatsApp-2024-01-31-a-las-21.57.33_01de69d8-768x1024.jpg\" alt=\"\" class=\"wp-image-568\" srcset=\"https:\/\/profesionalizacionstem.com\/wp-content\/uploads\/2024\/01\/Imagen-de-WhatsApp-2024-01-31-a-las-21.57.33_01de69d8-768x1024.jpg 768w, https:\/\/profesionalizacionstem.com\/wp-content\/uploads\/2024\/01\/Imagen-de-WhatsApp-2024-01-31-a-las-21.57.33_01de69d8-225x300.jpg 225w, https:\/\/profesionalizacionstem.com\/wp-content\/uploads\/2024\/01\/Imagen-de-WhatsApp-2024-01-31-a-las-21.57.33_01de69d8-1152x1536.jpg 1152w, https:\/\/profesionalizacionstem.com\/wp-content\/uploads\/2024\/01\/Imagen-de-WhatsApp-2024-01-31-a-las-21.57.33_01de69d8.jpg 1200w\" sizes=\"(max-width: 768px) 100vw, 768px\" \/><\/figure>\n","protected":false},"excerpt":{"rendered":"<p>Prevenci\u00f3n de la Cibervictimizaci\u00f3n Dr. Tom\u00e1s de Jes\u00fas Moreno ZamudioProfesor Investigador, Coordinador General del Campus JalpaUniversidad Aut\u00f3noma de Zacatecas Fecho:- 1 de febreroHora: 13:00 hrs (CDMX) Lugar: Auditorio de la CARHSy a trav\u00e9s de ZOOM ID de reuni\u00f3n: 883 2098 4374C\u00f3digo de&nbsp;acceso:&nbsp;7665511<\/p>\n","protected":false},"author":1,"featured_media":568,"comment_status":"open","ping_status":"open","sticky":false,"template":"","format":"standard","meta":{"footnotes":""},"categories":[4,10,9],"tags":[],"class_list":["post-567","post","type-post","status-publish","format-standard","has-post-thumbnail","hentry","category-avisos","category-convocatorias","category-eventos"],"_links":{"self":[{"href":"https:\/\/profesionalizacionstem.com\/index.php\/wp-json\/wp\/v2\/posts\/567"}],"collection":[{"href":"https:\/\/profesionalizacionstem.com\/index.php\/wp-json\/wp\/v2\/posts"}],"about":[{"href":"https:\/\/profesionalizacionstem.com\/index.php\/wp-json\/wp\/v2\/types\/post"}],"author":[{"embeddable":true,"href":"https:\/\/profesionalizacionstem.com\/index.php\/wp-json\/wp\/v2\/users\/1"}],"replies":[{"embeddable":true,"href":"https:\/\/profesionalizacionstem.com\/index.php\/wp-json\/wp\/v2\/comments?post=567"}],"version-history":[{"count":1,"href":"https:\/\/profesionalizacionstem.com\/index.php\/wp-json\/wp\/v2\/posts\/567\/revisions"}],"predecessor-version":[{"id":569,"href":"https:\/\/profesionalizacionstem.com\/index.php\/wp-json\/wp\/v2\/posts\/567\/revisions\/569"}],"wp:featuredmedia":[{"embeddable":true,"href":"https:\/\/profesionalizacionstem.com\/index.php\/wp-json\/wp\/v2\/media\/568"}],"wp:attachment":[{"href":"https:\/\/profesionalizacionstem.com\/index.php\/wp-json\/wp\/v2\/media?parent=567"}],"wp:term":[{"taxonomy":"category","embeddable":true,"href":"https:\/\/profesionalizacionstem.com\/index.php\/wp-json\/wp\/v2\/categories?post=567"},{"taxonomy":"post_tag","embeddable":true,"href":"https:\/\/profesionalizacionstem.com\/index.php\/wp-json\/wp\/v2\/tags?post=567"}],"curies":[{"name":"wp","href":"https:\/\/api.w.org\/{rel}","templated":true}]}}