{"id":595,"date":"2024-05-15T21:34:35","date_gmt":"2024-05-16T03:34:35","guid":{"rendered":"https:\/\/profesionalizacionstem.com\/?p=595"},"modified":"2024-05-15T21:34:36","modified_gmt":"2024-05-16T03:34:36","slug":"la-coordinacion-academica-region-huasteca-sur-de-la-universidad-autonoma-de-san-luis-potosi-a-traves-de-la-carrera-de-ingenieria-mecanica-electrica-invitan-a-la","status":"publish","type":"post","link":"https:\/\/profesionalizacionstem.com\/index.php\/2024\/05\/15\/la-coordinacion-academica-region-huasteca-sur-de-la-universidad-autonoma-de-san-luis-potosi-a-traves-de-la-carrera-de-ingenieria-mecanica-electrica-invitan-a-la\/","title":{"rendered":"La Coordinaci\u00f3n Acad\u00e9mica Regi\u00f3n Huasteca Sur de la Universidad Aut\u00f3noma de San Luis Potos\u00ed, a trav\u00e9s de la carrera de Ingenier\u00eda Mec\u00e1nica El\u00e9ctrica invitan a la:"},"content":{"rendered":"\n<p><strong>2A. CARRERA DE VEH\u00cdCULOS DE TAMAZUNCHALE<\/strong><\/p>\n\n\n\n<p>Lugar y fecha: <strong>14 de junio de 2024<\/strong> en las instalaciones de la\u00a0<strong>CARHS\u00a09:00\u00a0AM<\/strong><\/p>\n\n\n<div class=\"wp-block-image\">\n<figure class=\"aligncenter size-full\"><img fetchpriority=\"high\" decoding=\"async\" width=\"459\" height=\"597\" src=\"https:\/\/profesionalizacionstem.com\/wp-content\/uploads\/2024\/05\/Imagen-de-WhatsApp-2024-05-14-a-las-16.33.54_4d89c746.jpg\" alt=\"\" class=\"wp-image-596\" srcset=\"https:\/\/profesionalizacionstem.com\/wp-content\/uploads\/2024\/05\/Imagen-de-WhatsApp-2024-05-14-a-las-16.33.54_4d89c746.jpg 459w, https:\/\/profesionalizacionstem.com\/wp-content\/uploads\/2024\/05\/Imagen-de-WhatsApp-2024-05-14-a-las-16.33.54_4d89c746-231x300.jpg 231w\" sizes=\"(max-width: 459px) 100vw, 459px\" \/><\/figure><\/div>","protected":false},"excerpt":{"rendered":"<p>2A. CARRERA DE VEH\u00cdCULOS DE TAMAZUNCHALE Lugar y fecha: 14 de junio de 2024 en las instalaciones de la\u00a0CARHS\u00a09:00\u00a0AM<\/p>\n","protected":false},"author":1,"featured_media":596,"comment_status":"open","ping_status":"open","sticky":false,"template":"","format":"standard","meta":{"footnotes":""},"categories":[10,9],"tags":[],"class_list":["post-595","post","type-post","status-publish","format-standard","has-post-thumbnail","hentry","category-convocatorias","category-eventos"],"_links":{"self":[{"href":"https:\/\/profesionalizacionstem.com\/index.php\/wp-json\/wp\/v2\/posts\/595"}],"collection":[{"href":"https:\/\/profesionalizacionstem.com\/index.php\/wp-json\/wp\/v2\/posts"}],"about":[{"href":"https:\/\/profesionalizacionstem.com\/index.php\/wp-json\/wp\/v2\/types\/post"}],"author":[{"embeddable":true,"href":"https:\/\/profesionalizacionstem.com\/index.php\/wp-json\/wp\/v2\/users\/1"}],"replies":[{"embeddable":true,"href":"https:\/\/profesionalizacionstem.com\/index.php\/wp-json\/wp\/v2\/comments?post=595"}],"version-history":[{"count":1,"href":"https:\/\/profesionalizacionstem.com\/index.php\/wp-json\/wp\/v2\/posts\/595\/revisions"}],"predecessor-version":[{"id":597,"href":"https:\/\/profesionalizacionstem.com\/index.php\/wp-json\/wp\/v2\/posts\/595\/revisions\/597"}],"wp:featuredmedia":[{"embeddable":true,"href":"https:\/\/profesionalizacionstem.com\/index.php\/wp-json\/wp\/v2\/media\/596"}],"wp:attachment":[{"href":"https:\/\/profesionalizacionstem.com\/index.php\/wp-json\/wp\/v2\/media?parent=595"}],"wp:term":[{"taxonomy":"category","embeddable":true,"href":"https:\/\/profesionalizacionstem.com\/index.php\/wp-json\/wp\/v2\/categories?post=595"},{"taxonomy":"post_tag","embeddable":true,"href":"https:\/\/profesionalizacionstem.com\/index.php\/wp-json\/wp\/v2\/tags?post=595"}],"curies":[{"name":"wp","href":"https:\/\/api.w.org\/{rel}","templated":true}]}}