{"id":598,"date":"2024-05-16T21:44:19","date_gmt":"2024-05-17T03:44:19","guid":{"rendered":"https:\/\/profesionalizacionstem.com\/?p=598"},"modified":"2024-05-16T21:44:20","modified_gmt":"2024-05-17T03:44:20","slug":"12-congreso-nacional-de-ensenanza-de-la-fisica-y-astronomia","status":"publish","type":"post","link":"https:\/\/profesionalizacionstem.com\/index.php\/2024\/05\/16\/12-congreso-nacional-de-ensenanza-de-la-fisica-y-astronomia\/","title":{"rendered":"12 Congreso Nacional de Ense\u00f1anza de la F\u00edsica y Astronom\u00eda"},"content":{"rendered":"\n<h4 class=\"wp-block-heading\">Di\u00e1logo de saberes para una ense\u00f1anza transformadora con justicia social, ambiental y epist\u00e9mica.<\/h4>\n\n\n\n<h2 class=\"wp-block-heading\">Cali, octubre 9 al 11 de 2024<\/h2>\n\n\n\n<h2 class=\"wp-block-heading\">Universidad del Valle<\/h2>\n\n\n\n<p><strong>Presentaci\u00f3n<\/strong><\/p>\n\n\n\n<p>Aunando esfuerzos entre la Universidad del Valle y la Universidad Pedag\u00f3gica Nacional, la Universidad de Antioquia, la Universidad Distrital Francisco Jos\u00e9 de Caldas, la Universidad de la Amazon\u00eda y la Asociaci\u00f3n Colombiana de Profesores de f\u00edsica \u2013ZEMAKAITA, se abre la convocatoria a profesores de f\u00edsica en ejercicio de los diferentes niveles del sector educativo (b\u00e1sico, medio y universitario), a profesores de f\u00edsica en formaci\u00f3n, al sector administrativo y gubernamental de la educaci\u00f3n, y en general a todas las personas interesadas en conocer y aportar al desarrollo de la docencia, la investigaci\u00f3n y la innovaci\u00f3n de la ense\u00f1anza y el aprendizaje de la f\u00edsica y la astronom\u00eda en Colombia, al 12\u00ba Congreso Nacional de Ense\u00f1anza de la F\u00edsica y la Astronom\u00eda (12CNEFA).<\/p>\n\n\n\n<p>Se prev\u00e9 realizar el 12CNEFA en modalidad presencial, con algunas actividades en modalidad remota, en la ciudad de Cali, en las instalaciones de la Universidad del Valle, entre el 9 y el 11 de octubre de 2024.<\/p>\n\n\n\n<p><strong>Objetivo General<\/strong><\/p>\n\n\n\n<p>Reunir a docentes y futuros profesores de f\u00edsica y astronom\u00eda de diversos niveles educativos para intercambiar y divulgar los progresos y hallazgos obtenidos en sus investigaciones, estudios e iniciativas innovadoras en el \u00e1mbito de la ense\u00f1anza y el aprendizaje de la f\u00edsica y la astronom\u00eda.<\/p>\n\n\n\n<div data-wp-interactive=\"core\/file\" class=\"wp-block-file\"><object data-wp-bind--hidden=\"!state.hasPdfPreview\"  class=\"wp-block-file__embed\" data=\"https:\/\/profesionalizacionstem.com\/wp-content\/uploads\/2024\/05\/12-CNEFA-Circular-1-Mayo_2024-.pdf\" type=\"application\/pdf\" style=\"width:100%;height:600px\" aria-label=\"Incrustado de 12-CNEFA-Circular-1-Mayo_2024-.\"><\/object><a id=\"wp-block-file--media-e23a1656-2bb2-4176-be96-8b13414ed744\" href=\"https:\/\/profesionalizacionstem.com\/wp-content\/uploads\/2024\/05\/12-CNEFA-Circular-1-Mayo_2024-.pdf\">12-CNEFA-Circular-1-Mayo_2024-<\/a><a href=\"https:\/\/profesionalizacionstem.com\/wp-content\/uploads\/2024\/05\/12-CNEFA-Circular-1-Mayo_2024-.pdf\" class=\"wp-block-file__button wp-element-button\" download aria-describedby=\"wp-block-file--media-e23a1656-2bb2-4176-be96-8b13414ed744\">Descarga<\/a><\/div>\n","protected":false},"excerpt":{"rendered":"<p>Di\u00e1logo de saberes para una ense\u00f1anza transformadora con justicia social, ambiental y epist\u00e9mica. Cali, octubre 9 al 11 de 2024 Universidad del Valle Presentaci\u00f3n Aunando esfuerzos entre la Universidad del Valle y la Universidad Pedag\u00f3gica Nacional, la Universidad de Antioquia, la Universidad Distrital Francisco Jos\u00e9 de Caldas, la Universidad de la Amazon\u00eda y la Asociaci\u00f3n Colombiana de Profesores de f\u00edsica \u2013ZEMAKAITA, se abre la convocatoria a profesores de f\u00edsica en ejercicio de los diferentes niveles del sector educativo (b\u00e1sico, medio y universitario), a profesores de f\u00edsica en formaci\u00f3n, al sector administrativo y gubernamental de la educaci\u00f3n, y en general a todas las personas interesadas en conocer y aportar al desarrollo de la docencia, la investigaci\u00f3n y la innovaci\u00f3n de la ense\u00f1anza y el aprendizaje de la f\u00edsica y la astronom\u00eda en Colombia, al 12\u00ba Congreso Nacional de Ense\u00f1anza de la F\u00edsica y la Astronom\u00eda (12CNEFA). Se prev\u00e9 realizar el 12CNEFA en modalidad presencial, con algunas actividades en modalidad remota, en la ciudad de Cali, en las instalaciones de la Universidad del Valle, entre el 9 y el 11 de octubre de 2024. Objetivo General Reunir a docentes y futuros profesores de f\u00edsica y astronom\u00eda de diversos niveles educativos para intercambiar y divulgar los progresos y hallazgos obtenidos en sus investigaciones, estudios e iniciativas innovadoras en el \u00e1mbito de la ense\u00f1anza y el aprendizaje de la f\u00edsica y la astronom\u00eda.<\/p>\n","protected":false},"author":1,"featured_media":599,"comment_status":"open","ping_status":"open","sticky":false,"template":"","format":"standard","meta":{"footnotes":""},"categories":[10,9],"tags":[],"class_list":["post-598","post","type-post","status-publish","format-standard","has-post-thumbnail","hentry","category-convocatorias","category-eventos"],"_links":{"self":[{"href":"https:\/\/profesionalizacionstem.com\/index.php\/wp-json\/wp\/v2\/posts\/598"}],"collection":[{"href":"https:\/\/profesionalizacionstem.com\/index.php\/wp-json\/wp\/v2\/posts"}],"about":[{"href":"https:\/\/profesionalizacionstem.com\/index.php\/wp-json\/wp\/v2\/types\/post"}],"author":[{"embeddable":true,"href":"https:\/\/profesionalizacionstem.com\/index.php\/wp-json\/wp\/v2\/users\/1"}],"replies":[{"embeddable":true,"href":"https:\/\/profesionalizacionstem.com\/index.php\/wp-json\/wp\/v2\/comments?post=598"}],"version-history":[{"count":1,"href":"https:\/\/profesionalizacionstem.com\/index.php\/wp-json\/wp\/v2\/posts\/598\/revisions"}],"predecessor-version":[{"id":601,"href":"https:\/\/profesionalizacionstem.com\/index.php\/wp-json\/wp\/v2\/posts\/598\/revisions\/601"}],"wp:featuredmedia":[{"embeddable":true,"href":"https:\/\/profesionalizacionstem.com\/index.php\/wp-json\/wp\/v2\/media\/599"}],"wp:attachment":[{"href":"https:\/\/profesionalizacionstem.com\/index.php\/wp-json\/wp\/v2\/media?parent=598"}],"wp:term":[{"taxonomy":"category","embeddable":true,"href":"https:\/\/profesionalizacionstem.com\/index.php\/wp-json\/wp\/v2\/categories?post=598"},{"taxonomy":"post_tag","embeddable":true,"href":"https:\/\/profesionalizacionstem.com\/index.php\/wp-json\/wp\/v2\/tags?post=598"}],"curies":[{"name":"wp","href":"https:\/\/api.w.org\/{rel}","templated":true}]}}