{"id":682,"date":"2025-02-23T11:18:55","date_gmt":"2025-02-23T17:18:55","guid":{"rendered":"https:\/\/profesionalizacionstem.com\/?p=682"},"modified":"2025-02-23T11:18:55","modified_gmt":"2025-02-23T17:18:55","slug":"exposicion-pictorica-fraicest","status":"publish","type":"post","link":"https:\/\/profesionalizacionstem.com\/index.php\/2025\/02\/23\/exposicion-pictorica-fraicest\/","title":{"rendered":"EXPOSICI\u00d3N PICT\u00d3RICA FRAI\u0301CEST"},"content":{"rendered":"\n<figure class=\"wp-block-image size-large\"><img fetchpriority=\"high\" decoding=\"async\" width=\"776\" height=\"1024\" src=\"https:\/\/profesionalizacionstem.com\/wp-content\/uploads\/2025\/02\/Imagen-de-WhatsApp-2025-02-21-a-las-15.03.25_97111031-776x1024.jpg\" alt=\"\" class=\"wp-image-683\" srcset=\"https:\/\/profesionalizacionstem.com\/wp-content\/uploads\/2025\/02\/Imagen-de-WhatsApp-2025-02-21-a-las-15.03.25_97111031-776x1024.jpg 776w, https:\/\/profesionalizacionstem.com\/wp-content\/uploads\/2025\/02\/Imagen-de-WhatsApp-2025-02-21-a-las-15.03.25_97111031-227x300.jpg 227w, https:\/\/profesionalizacionstem.com\/wp-content\/uploads\/2025\/02\/Imagen-de-WhatsApp-2025-02-21-a-las-15.03.25_97111031-768x1013.jpg 768w, https:\/\/profesionalizacionstem.com\/wp-content\/uploads\/2025\/02\/Imagen-de-WhatsApp-2025-02-21-a-las-15.03.25_97111031.jpg 970w\" sizes=\"(max-width: 776px) 100vw, 776px\" \/><\/figure>\n\n\n\n<p>La Coordinacio\u0301n Acade\u0301mica Regio\u0301n Huasteca Sur, UASLP en el marco del D\u00eda internacional de la lengua materno invitan a la <strong>EXPOSICI\u00d3N PICT\u00d3RICA FRAI\u0301CEST<\/strong><\/p>\n\n\n\n<p>Por el pintor <em>Jose\u0301 Robles Sandoya<\/em>, originario de Tancanhuitz, S. L. P.<\/p>\n\n\n\n<p><strong>FEB 21\/10 AM-12 PM 2025<\/strong><\/p>\n\n\n\n<p>Lugar: Explanda de\u00a0la\u00a0<strong>CARHS\u00a0UASLP<\/strong><\/p>\n","protected":false},"excerpt":{"rendered":"<p>La Coordinacio\u0301n Acade\u0301mica Regio\u0301n Huasteca Sur, UASLP en el marco del D\u00eda internacional de la lengua materno invitan a la EXPOSICI\u00d3N PICT\u00d3RICA FRAI\u0301CEST Por el pintor Jose\u0301 Robles Sandoya, originario de Tancanhuitz, S. L. P. FEB 21\/10 AM-12 PM 2025 Lugar: Explanda de\u00a0la\u00a0CARHS\u00a0UASLP<\/p>\n","protected":false},"author":1,"featured_media":683,"comment_status":"open","ping_status":"open","sticky":false,"template":"","format":"standard","meta":{"footnotes":""},"categories":[1],"tags":[],"class_list":["post-682","post","type-post","status-publish","format-standard","has-post-thumbnail","hentry","category-sin-categoria"],"_links":{"self":[{"href":"https:\/\/profesionalizacionstem.com\/index.php\/wp-json\/wp\/v2\/posts\/682"}],"collection":[{"href":"https:\/\/profesionalizacionstem.com\/index.php\/wp-json\/wp\/v2\/posts"}],"about":[{"href":"https:\/\/profesionalizacionstem.com\/index.php\/wp-json\/wp\/v2\/types\/post"}],"author":[{"embeddable":true,"href":"https:\/\/profesionalizacionstem.com\/index.php\/wp-json\/wp\/v2\/users\/1"}],"replies":[{"embeddable":true,"href":"https:\/\/profesionalizacionstem.com\/index.php\/wp-json\/wp\/v2\/comments?post=682"}],"version-history":[{"count":1,"href":"https:\/\/profesionalizacionstem.com\/index.php\/wp-json\/wp\/v2\/posts\/682\/revisions"}],"predecessor-version":[{"id":684,"href":"https:\/\/profesionalizacionstem.com\/index.php\/wp-json\/wp\/v2\/posts\/682\/revisions\/684"}],"wp:featuredmedia":[{"embeddable":true,"href":"https:\/\/profesionalizacionstem.com\/index.php\/wp-json\/wp\/v2\/media\/683"}],"wp:attachment":[{"href":"https:\/\/profesionalizacionstem.com\/index.php\/wp-json\/wp\/v2\/media?parent=682"}],"wp:term":[{"taxonomy":"category","embeddable":true,"href":"https:\/\/profesionalizacionstem.com\/index.php\/wp-json\/wp\/v2\/categories?post=682"},{"taxonomy":"post_tag","embeddable":true,"href":"https:\/\/profesionalizacionstem.com\/index.php\/wp-json\/wp\/v2\/tags?post=682"}],"curies":[{"name":"wp","href":"https:\/\/api.w.org\/{rel}","templated":true}]}}