{"id":705,"date":"2025-04-08T20:16:07","date_gmt":"2025-04-09T02:16:07","guid":{"rendered":"https:\/\/profesionalizacionstem.com\/?p=705"},"modified":"2025-04-08T20:16:08","modified_gmt":"2025-04-09T02:16:08","slug":"observatorio-nacional-de-ensenanza-de-la-fisica","status":"publish","type":"post","link":"https:\/\/profesionalizacionstem.com\/index.php\/2025\/04\/08\/observatorio-nacional-de-ensenanza-de-la-fisica\/","title":{"rendered":"Observatorio Nacional de Ense\u00f1anza de la F\u00edsica"},"content":{"rendered":"\n<p><a href=\"https:\/\/observatorio-nef.blogspot.com\/2025\/03\/9-encontro-nacional-de-aprendizagem.html\">9\u00ba ENCONTRO NACIONAL DE APRENDIZAGEM SIGNIFICATIVA, Universidade do Vale do Taquari &#8211; UNIVATES, 17 a 21 de novembro de 2025<\/a><\/p>\n\n\n\n<p><strong>9\u00baENAS\u00a0<\/strong>| <strong>9\u00ba ENCONTRO NACIONAL DE APRENDIZAGEM SIGNIFICATIVA\u00a0<\/strong><\/p>\n\n\n\n<p>\u00a0Local: Universidade do Vale do Taquari &#8211; UNIVATES, Lajeado, RS <strong>17 a 21 de novembro de 2025<\/strong><\/p>\n\n\n\n<p>&nbsp;<strong>CHAMADA DE TRABALHOS&nbsp;<\/strong><\/p>\n\n\n\n<p>e-mail: contato@apsignificativa.com.br&nbsp;<\/p>\n\n\n\n<p>\u00c9 com grande satisfa\u00e7\u00e3o que divulgamos a realiza\u00e7\u00e3o do pr\u00f3ximo ENCONTRO NACIONAL DE APRENDIZAGEM SIGNIFICATIVA, modalidade presencial, de 17 a 21 de novembro de 2025, na UNIVATES, em Lajeado, Rio grande dos Sul.&nbsp;<\/p>\n\n\n\n<p>&nbsp;Os Encontros de Aprendizagem Significativa, iniciados em 2005 com o compromisso de disseminar ainda mais a Teoria da Aprendizagem Significativa e ampliar as reflex\u00f5es sobre suas implica\u00e7\u00f5es tanto para o Ensino quanto para a Investiga\u00e7\u00e3o sobre o Ensino, t\u00eam como objetivo a apresenta\u00e7\u00e3o e discuss\u00e3o de estudos fundamentados na Teoria da Aprendizagem Significativa, bem como fomentar a intera\u00e7\u00e3o entre investigadores e professores.&nbsp;<\/p>\n\n\n\n<figure class=\"wp-block-image size-large\"><img fetchpriority=\"high\" decoding=\"async\" width=\"1024\" height=\"647\" src=\"https:\/\/profesionalizacionstem.com\/wp-content\/uploads\/2025\/04\/SharedScreenshot-1024x647.jpg\" alt=\"\" class=\"wp-image-706\" srcset=\"https:\/\/profesionalizacionstem.com\/wp-content\/uploads\/2025\/04\/SharedScreenshot-1024x647.jpg 1024w, https:\/\/profesionalizacionstem.com\/wp-content\/uploads\/2025\/04\/SharedScreenshot-300x189.jpg 300w, https:\/\/profesionalizacionstem.com\/wp-content\/uploads\/2025\/04\/SharedScreenshot-768x485.jpg 768w, https:\/\/profesionalizacionstem.com\/wp-content\/uploads\/2025\/04\/SharedScreenshot.jpg 1419w\" sizes=\"(max-width: 1024px) 100vw, 1024px\" \/><\/figure>\n","protected":false},"excerpt":{"rendered":"<p>9\u00ba ENCONTRO NACIONAL DE APRENDIZAGEM SIGNIFICATIVA, Universidade do Vale do Taquari &#8211; UNIVATES, 17 a 21 de novembro de 2025 9\u00baENAS\u00a0| 9\u00ba ENCONTRO NACIONAL DE APRENDIZAGEM SIGNIFICATIVA\u00a0 \u00a0Local: Universidade do Vale do Taquari &#8211; UNIVATES, Lajeado, RS 17 a 21 de novembro de 2025 &nbsp;CHAMADA DE TRABALHOS&nbsp; e-mail: contato@apsignificativa.com.br&nbsp; \u00c9 com grande satisfa\u00e7\u00e3o que divulgamos a realiza\u00e7\u00e3o do pr\u00f3ximo ENCONTRO NACIONAL DE APRENDIZAGEM SIGNIFICATIVA, modalidade presencial, de 17 a 21 de novembro de 2025, na UNIVATES, em Lajeado, Rio grande dos Sul.&nbsp; &nbsp;Os Encontros de Aprendizagem Significativa, iniciados em 2005 com o compromisso de disseminar ainda mais a Teoria da Aprendizagem Significativa e ampliar as reflex\u00f5es sobre suas implica\u00e7\u00f5es tanto para o Ensino quanto para a Investiga\u00e7\u00e3o sobre o Ensino, t\u00eam como objetivo a apresenta\u00e7\u00e3o e discuss\u00e3o de estudos fundamentados na Teoria da Aprendizagem Significativa, bem como fomentar a intera\u00e7\u00e3o entre investigadores e professores.&nbsp;<\/p>\n","protected":false},"author":1,"featured_media":706,"comment_status":"open","ping_status":"open","sticky":false,"template":"","format":"standard","meta":{"footnotes":""},"categories":[4],"tags":[],"class_list":["post-705","post","type-post","status-publish","format-standard","has-post-thumbnail","hentry","category-avisos"],"_links":{"self":[{"href":"https:\/\/profesionalizacionstem.com\/index.php\/wp-json\/wp\/v2\/posts\/705"}],"collection":[{"href":"https:\/\/profesionalizacionstem.com\/index.php\/wp-json\/wp\/v2\/posts"}],"about":[{"href":"https:\/\/profesionalizacionstem.com\/index.php\/wp-json\/wp\/v2\/types\/post"}],"author":[{"embeddable":true,"href":"https:\/\/profesionalizacionstem.com\/index.php\/wp-json\/wp\/v2\/users\/1"}],"replies":[{"embeddable":true,"href":"https:\/\/profesionalizacionstem.com\/index.php\/wp-json\/wp\/v2\/comments?post=705"}],"version-history":[{"count":1,"href":"https:\/\/profesionalizacionstem.com\/index.php\/wp-json\/wp\/v2\/posts\/705\/revisions"}],"predecessor-version":[{"id":707,"href":"https:\/\/profesionalizacionstem.com\/index.php\/wp-json\/wp\/v2\/posts\/705\/revisions\/707"}],"wp:featuredmedia":[{"embeddable":true,"href":"https:\/\/profesionalizacionstem.com\/index.php\/wp-json\/wp\/v2\/media\/706"}],"wp:attachment":[{"href":"https:\/\/profesionalizacionstem.com\/index.php\/wp-json\/wp\/v2\/media?parent=705"}],"wp:term":[{"taxonomy":"category","embeddable":true,"href":"https:\/\/profesionalizacionstem.com\/index.php\/wp-json\/wp\/v2\/categories?post=705"},{"taxonomy":"post_tag","embeddable":true,"href":"https:\/\/profesionalizacionstem.com\/index.php\/wp-json\/wp\/v2\/tags?post=705"}],"curies":[{"name":"wp","href":"https:\/\/api.w.org\/{rel}","templated":true}]}}