{"id":708,"date":"2025-04-08T20:17:57","date_gmt":"2025-04-09T02:17:57","guid":{"rendered":"https:\/\/profesionalizacionstem.com\/?p=708"},"modified":"2025-04-08T20:17:57","modified_gmt":"2025-04-09T02:17:57","slug":"el-8-encuentro-de-investigacion-en-educacion-en-ciencias-naturales-y-tecnologia-8educina-se-realizara-entre-el-24-y-el-27-de-junio-de-2025","status":"publish","type":"post","link":"https:\/\/profesionalizacionstem.com\/index.php\/2025\/04\/08\/el-8-encuentro-de-investigacion-en-educacion-en-ciencias-naturales-y-tecnologia-8educina-se-realizara-entre-el-24-y-el-27-de-junio-de-2025\/","title":{"rendered":"El 8\u00b0 Encuentro de Investigaci\u00f3n en Educaci\u00f3n en Ciencias Naturales y Tecnolog\u00eda -8EDUCiNa- se realizar\u00e1 entre el 24 y el 27 de junio de 2025."},"content":{"rendered":"\n<figure class=\"wp-block-image size-full\"><img fetchpriority=\"high\" decoding=\"async\" width=\"1000\" height=\"287\" src=\"https:\/\/profesionalizacionstem.com\/wp-content\/uploads\/2025\/04\/cropped-Banner-Hero-1000x288-1.png\" alt=\"\" class=\"wp-image-709\" srcset=\"https:\/\/profesionalizacionstem.com\/wp-content\/uploads\/2025\/04\/cropped-Banner-Hero-1000x288-1.png 1000w, https:\/\/profesionalizacionstem.com\/wp-content\/uploads\/2025\/04\/cropped-Banner-Hero-1000x288-1-300x86.png 300w, https:\/\/profesionalizacionstem.com\/wp-content\/uploads\/2025\/04\/cropped-Banner-Hero-1000x288-1-768x220.png 768w\" sizes=\"(max-width: 1000px) 100vw, 1000px\" \/><\/figure>\n\n\n\n<p>El 8\u00b0 Encuentro de Investigaci\u00f3n en Educaci\u00f3n en Ciencias Naturales y Tecnolog\u00eda -8EDUCiNa- se realizar\u00e1 entre el 24 y el 27 de junio de 2025. Es una iniciativa original del Centro de Investigaci\u00f3n y Apoyo a la Educaci\u00f3n Cient\u00edfica -CIAEC- que, en esta edici\u00f3n, se organizar\u00e1 conjuntamente con el Ciclo B\u00e1sico Com\u00fan -CBC- y el Instituto de Investigaci\u00f3n en Educaci\u00f3n Superior -IIES- de la Universidad de Buenos Aires -UBA-.<\/p>\n\n\n\n<p>El objetivo del Encuentro es promover el intercambio entre investigadores, la comunicaci\u00f3n de resultados y la formaci\u00f3n de recursos humanos en el campo de la educaci\u00f3n cient\u00edfica y tecnol\u00f3gica.<\/p>\n\n\n\n<p>Las formas de participaci\u00f3n son virtual o presencial. El programa incluye conferencias y talleres ofrecidos por reconocidos investigadores. El Encuentro admite la presentaci\u00f3n de trabajos que dar\u00e1n lugar a la publicaci\u00f3n de un libro con ISBN bajo el sello editorial de la UBA que ser\u00e1 incluido en repositorios institucionales y contar\u00e1 con un indicador persistente de objetos digitales (Handle). Adicionalmente, los trabajos en extenso podr\u00e1n ser publicados en las revistas <em><a href=\"https:\/\/revistanuevasperspectivas.aduba.org.ar\/ojs\/index.php\/nuevasperspectivas\">Nuevas Perspectivas. Revista de Educaci\u00f3n en Ciencias Naturales y Tecnolog\u00eda<\/a><\/em>, del CIAEC y el IIES, y <em><a href=\"https:\/\/ojs.cbc.uba.ar\/index.php\/redes\/about\">Revista Electr\u00f3nica de Did\u00e1ctica en Educaci\u00f3n Superior<\/a><\/em>, del CBC.<\/p>\n","protected":false},"excerpt":{"rendered":"<p>El 8\u00b0 Encuentro de Investigaci\u00f3n en Educaci\u00f3n en Ciencias Naturales y Tecnolog\u00eda -8EDUCiNa- se realizar\u00e1 entre el 24 y el 27 de junio de 2025. Es una iniciativa original del Centro de Investigaci\u00f3n y Apoyo a la Educaci\u00f3n Cient\u00edfica -CIAEC- que, en esta edici\u00f3n, se organizar\u00e1 conjuntamente con el Ciclo B\u00e1sico Com\u00fan -CBC- y el Instituto de Investigaci\u00f3n en Educaci\u00f3n Superior -IIES- de la Universidad de Buenos Aires -UBA-. El objetivo del Encuentro es promover el intercambio entre investigadores, la comunicaci\u00f3n de resultados y la formaci\u00f3n de recursos humanos en el campo de la educaci\u00f3n cient\u00edfica y tecnol\u00f3gica. Las formas de participaci\u00f3n son virtual o presencial. El programa incluye conferencias y talleres ofrecidos por reconocidos investigadores. El Encuentro admite la presentaci\u00f3n de trabajos que dar\u00e1n lugar a la publicaci\u00f3n de un libro con ISBN bajo el sello editorial de la UBA que ser\u00e1 incluido en repositorios institucionales y contar\u00e1 con un indicador persistente de objetos digitales (Handle). Adicionalmente, los trabajos en extenso podr\u00e1n ser publicados en las revistas Nuevas Perspectivas. Revista de Educaci\u00f3n en Ciencias Naturales y Tecnolog\u00eda, del CIAEC y el IIES, y Revista Electr\u00f3nica de Did\u00e1ctica en Educaci\u00f3n Superior, del CBC.<\/p>\n","protected":false},"author":1,"featured_media":709,"comment_status":"open","ping_status":"open","sticky":false,"template":"","format":"standard","meta":{"footnotes":""},"categories":[4,10],"tags":[],"class_list":["post-708","post","type-post","status-publish","format-standard","has-post-thumbnail","hentry","category-avisos","category-convocatorias"],"_links":{"self":[{"href":"https:\/\/profesionalizacionstem.com\/index.php\/wp-json\/wp\/v2\/posts\/708"}],"collection":[{"href":"https:\/\/profesionalizacionstem.com\/index.php\/wp-json\/wp\/v2\/posts"}],"about":[{"href":"https:\/\/profesionalizacionstem.com\/index.php\/wp-json\/wp\/v2\/types\/post"}],"author":[{"embeddable":true,"href":"https:\/\/profesionalizacionstem.com\/index.php\/wp-json\/wp\/v2\/users\/1"}],"replies":[{"embeddable":true,"href":"https:\/\/profesionalizacionstem.com\/index.php\/wp-json\/wp\/v2\/comments?post=708"}],"version-history":[{"count":1,"href":"https:\/\/profesionalizacionstem.com\/index.php\/wp-json\/wp\/v2\/posts\/708\/revisions"}],"predecessor-version":[{"id":710,"href":"https:\/\/profesionalizacionstem.com\/index.php\/wp-json\/wp\/v2\/posts\/708\/revisions\/710"}],"wp:featuredmedia":[{"embeddable":true,"href":"https:\/\/profesionalizacionstem.com\/index.php\/wp-json\/wp\/v2\/media\/709"}],"wp:attachment":[{"href":"https:\/\/profesionalizacionstem.com\/index.php\/wp-json\/wp\/v2\/media?parent=708"}],"wp:term":[{"taxonomy":"category","embeddable":true,"href":"https:\/\/profesionalizacionstem.com\/index.php\/wp-json\/wp\/v2\/categories?post=708"},{"taxonomy":"post_tag","embeddable":true,"href":"https:\/\/profesionalizacionstem.com\/index.php\/wp-json\/wp\/v2\/tags?post=708"}],"curies":[{"name":"wp","href":"https:\/\/api.w.org\/{rel}","templated":true}]}}